{"id":115,"date":"2017-12-14T14:28:51","date_gmt":"2017-12-14T13:28:51","guid":{"rendered":"http:\/\/www.centredeplanningfamiliallealor.be\/?p=115"},"modified":"2018-12-18T14:06:15","modified_gmt":"2018-12-18T13:06:15","slug":"fermeture-fetes-de-fin-dannee-2017","status":"publish","type":"post","link":"http:\/\/www.centredeplanningfamiliallealor.be\/index.php\/2017\/12\/14\/fermeture-fetes-de-fin-dannee-2017\/","title":{"rendered":"Fermeture f\u00eates de fin d&#8217;ann\u00e9e 2018"},"content":{"rendered":"<p><img decoding=\"async\" loading=\"lazy\" class=\"size-medium wp-image-101 aligncenter\" src=\"http:\/\/www.centredeplanningfamiliallealor.be\/wp-content\/uploads\/2017\/01\/advent-1877790_960_720-300x200.jpg\" alt=\"\" width=\"300\" height=\"200\" srcset=\"http:\/\/www.centredeplanningfamiliallealor.be\/wp-content\/uploads\/2017\/01\/advent-1877790_960_720-300x200.jpg 300w, http:\/\/www.centredeplanningfamiliallealor.be\/wp-content\/uploads\/2017\/01\/advent-1877790_960_720-768x512.jpg 768w, http:\/\/www.centredeplanningfamiliallealor.be\/wp-content\/uploads\/2017\/01\/advent-1877790_960_720.jpg 960w\" sizes=\"(max-width: 300px) 100vw, 300px\" \/><\/p>\n<p style=\"text-align: center;\">Bonjour \u00e0 tous,<\/p>\n<p style=\"text-align: center;\">A l&#8217;occasion des f\u00eates de fin d&#8217;ann\u00e9e, notre centre de planning familial sera ferm\u00e9 du<strong> lundi 24 d\u00e9cembre<\/strong> 2018 au <strong>mardi 01 janvier<\/strong> 2019 inclus.<br \/>\nC&#8217;est avec plaisir que nous vous retrouverons \u00e0 partir du 2 janvier 2019.<br \/>\n<span class=\"text_exposed_show\">En cas de besoins, vous pouvez contacter le centre de planning familial le plus proche de chez vous en consultant le site internet\u00a0http:\/\/www.loveattitude.be\/<br \/>\n<\/span><\/p>\n<p style=\"text-align: center;\">En cas d&#8217;urgences, vous pouvez vous rendre \u00e0 l&#8217;h\u00f4pital de votre choix.<\/p>\n<p style=\"text-align: center;\"><span class=\"text_exposed_show\">En attendant de vous revoir, nous vous souhaitons de Joyeuses f\u00eates de fin d&#8217;ann\u00e9e<\/span><\/p>\n<p style=\"text-align: center;\">L&#8217;\u00e9quipe du centre de planning familial &#8220;L\u00e9a Lor&#8221;<\/p>\n","protected":false},"excerpt":{"rendered":"<p>Bonjour \u00e0 tous, A l&#8217;occasion des f\u00eates de fin d&#8217;ann\u00e9e, notre centre de planning familial sera ferm\u00e9 du lundi 24 d\u00e9cembre 2018 au mardi 01 janvier 2019 inclus. C&#8217;est avec plaisir que nous vous retrouverons \u00e0 partir du 2 janvier 2019. En cas de besoins, vous pouvez contacter le centre de planning familial le plus &hellip; <\/p>\n<p class=\"link-more\"><a href=\"http:\/\/www.centredeplanningfamiliallealor.be\/index.php\/2017\/12\/14\/fermeture-fetes-de-fin-dannee-2017\/\" class=\"more-link\">Continue reading<span class=\"screen-reader-text\"> &#8220;Fermeture f\u00eates de fin d&#8217;ann\u00e9e 2018&#8221;<\/span><\/a><\/p>\n","protected":false},"author":1,"featured_media":0,"comment_status":"open","ping_status":"open","sticky":false,"template":"","format":"standard","meta":[],"categories":[1],"tags":[12,13,11,10,9],"_links":{"self":[{"href":"http:\/\/www.centredeplanningfamiliallealor.be\/index.php\/wp-json\/wp\/v2\/posts\/115"}],"collection":[{"href":"http:\/\/www.centredeplanningfamiliallealor.be\/index.php\/wp-json\/wp\/v2\/posts"}],"about":[{"href":"http:\/\/www.centredeplanningfamiliallealor.be\/index.php\/wp-json\/wp\/v2\/types\/post"}],"author":[{"embeddable":true,"href":"http:\/\/www.centredeplanningfamiliallealor.be\/index.php\/wp-json\/wp\/v2\/users\/1"}],"replies":[{"embeddable":true,"href":"http:\/\/www.centredeplanningfamiliallealor.be\/index.php\/wp-json\/wp\/v2\/comments?post=115"}],"version-history":[{"count":4,"href":"http:\/\/www.centredeplanningfamiliallealor.be\/index.php\/wp-json\/wp\/v2\/posts\/115\/revisions"}],"predecessor-version":[{"id":132,"href":"http:\/\/www.centredeplanningfamiliallealor.be\/index.php\/wp-json\/wp\/v2\/posts\/115\/revisions\/132"}],"wp:attachment":[{"href":"http:\/\/www.centredeplanningfamiliallealor.be\/index.php\/wp-json\/wp\/v2\/media?parent=115"}],"wp:term":[{"taxonomy":"category","embeddable":true,"href":"http:\/\/www.centredeplanningfamiliallealor.be\/index.php\/wp-json\/wp\/v2\/categories?post=115"},{"taxonomy":"post_tag","embeddable":true,"href":"http:\/\/www.centredeplanningfamiliallealor.be\/index.php\/wp-json\/wp\/v2\/tags?post=115"}],"curies":[{"name":"wp","href":"https:\/\/api.w.org\/{rel}","templated":true}]}}